{"id":142,"date":"2010-03-08T18:06:10","date_gmt":"2010-03-08T17:06:10","guid":{"rendered":"http:\/\/ratze.nilart.se\/?p=142"},"modified":"2019-02-23T15:12:45","modified_gmt":"2019-02-23T14:12:45","slug":"spar-miljo-o-lite-ipo","status":"publish","type":"post","link":"https:\/\/ratze.se\/index.php\/2010\/03\/08\/spar-miljo-o-lite-ipo\/","title":{"rendered":"Sp\u00e5r, milj\u00f6 o lite IPO&#8230;"},"content":{"rendered":"\n<p>I l\u00f6rdags var Anna o mallenuttjejorna h\u00e4r och h\u00e4lsade p\u00e5. Vi hade en j\u00e4ttemysig dag tillsammans, lunch, l\u00e5ngpromenad o fika !\n P\u00e5 s\u00f6ndagen la jag \u00e5rets f\u00f6rsta sp\u00e5r d\u00e5 sn\u00f6n sm\u00e4lt undan nere p\u00e5 byn s\u00e5\n den underbara asfalten blottades! Salsa var s\u00e5 duktig att jag n\u00e4stan \nblev r\u00f6rd till t\u00e5rar ! \u00c4ven ett kort o bra lydnadspass med lite st\u00f6rning p\u00e5 parkeringsplatsen.<\/p>\n\n\n\n<p>Rekko, eller Pekkopekk som jag kallar han, fick milj\u00f6tr\u00e4ning f\u00f6r hela\n slanten. Vi gick runt byn och m\u00f6tte folk, hundar, gick ner i varje \nk\u00e4llartrapp vi hitta och kl\u00e4ttrade i trappor. Han sov resten av dan sen ..<\/p>\n\n\n\n<p>Idag tr\u00e4ffade vi Jocke och Garcia f\u00f6r lite tr\u00e4ning. Salsa fick lite \nipotr\u00e4ning, ett lydnadspass med st\u00f6rning och grupp och sen ett \nskyddspass. Hon e s\u00e5 duktig och f\u00f6rst\u00e5r s\u00e5 fint vad vi vill hon ska \ng\u00f6ra!<\/p>\n\n\n\n<p>Med Pekken ville jag f\u00f6rst kolla av hur han betedde sig med Jocke \n(bra) och sen k\u00f6rde vi lite ordning o reda innan han fick h\u00e4rja fritt \nmed Jocke. Vi k\u00f6rde lite belastning i milj\u00f6, b\u00e5de ute o inne, och han \nsvarar fint tycker jag! P\u00e5 hemv\u00e4gen stannade jag till och tog en tur med\n Pekk p\u00e5 samh\u00e4llet och kampade p\u00e5 lite h\u00f6jder och bland kundvagnar p\u00e5 \nICA. Det gick bra trots att jag ramla o skrapa upp handen bland \nkundvagnarna *s*. <\/p>\n\n\n\n<p>Supern\u00f6jd med v\u00e5ran lediga helg, kunde inte varit b\u00e4ttre, hoppas det fina v\u00e4dret h\u00e5ller i sig nu n\u00e4r arbetsveckan b\u00f6rjar! <\/p>\n\n\n\n[ngg src=&#8221;galleries&#8221; ids=&#8221;4&#8243; display=&#8221;basic_thumbnail&#8221;]\n","protected":false},"excerpt":{"rendered":"<p>I l\u00f6rdags var Anna o mallenuttjejorna h\u00e4r och h\u00e4lsade p\u00e5. Vi hade en j\u00e4ttemysig dag tillsammans, lunch, l\u00e5ngpromenad o fika ! P\u00e5 s\u00f6ndagen la jag \u00e5rets f\u00f6rsta sp\u00e5r d\u00e5 sn\u00f6n sm\u00e4lt undan nere p\u00e5 byn s\u00e5 den underbara asfalten blottades! Salsa var s\u00e5 duktig att jag n\u00e4stan blev r\u00f6rd till t\u00e5rar ! \u00c4ven ett kort &hellip; <\/p>\n<p class=\"link-more\"><a href=\"https:\/\/ratze.se\/index.php\/2010\/03\/08\/spar-miljo-o-lite-ipo\/\" class=\"more-link\">Forts\u00e4tt l\u00e4sa<span class=\"screen-reader-text\"> \u201dSp\u00e5r, milj\u00f6 o lite IPO&#8230;\u201d<\/span><\/a><\/p>\n","protected":false},"author":2,"featured_media":0,"comment_status":"open","ping_status":"open","sticky":false,"template":"","format":"standard","meta":{"footnotes":""},"categories":[1],"tags":[5,43,34,41,26,10,42],"_links":{"self":[{"href":"https:\/\/ratze.se\/index.php\/wp-json\/wp\/v2\/posts\/142"}],"collection":[{"href":"https:\/\/ratze.se\/index.php\/wp-json\/wp\/v2\/posts"}],"about":[{"href":"https:\/\/ratze.se\/index.php\/wp-json\/wp\/v2\/types\/post"}],"author":[{"embeddable":true,"href":"https:\/\/ratze.se\/index.php\/wp-json\/wp\/v2\/users\/2"}],"replies":[{"embeddable":true,"href":"https:\/\/ratze.se\/index.php\/wp-json\/wp\/v2\/comments?post=142"}],"version-history":[{"count":1,"href":"https:\/\/ratze.se\/index.php\/wp-json\/wp\/v2\/posts\/142\/revisions"}],"predecessor-version":[{"id":143,"href":"https:\/\/ratze.se\/index.php\/wp-json\/wp\/v2\/posts\/142\/revisions\/143"}],"wp:attachment":[{"href":"https:\/\/ratze.se\/index.php\/wp-json\/wp\/v2\/media?parent=142"}],"wp:term":[{"taxonomy":"category","embeddable":true,"href":"https:\/\/ratze.se\/index.php\/wp-json\/wp\/v2\/categories?post=142"},{"taxonomy":"post_tag","embeddable":true,"href":"https:\/\/ratze.se\/index.php\/wp-json\/wp\/v2\/tags?post=142"}],"curies":[{"name":"wp","href":"https:\/\/api.w.org\/{rel}","templated":true}]}}