{"id":171,"date":"2010-04-16T17:12:38","date_gmt":"2010-04-16T15:12:38","guid":{"rendered":"http:\/\/ratze.nilart.se\/?p=171"},"modified":"2019-02-23T21:26:29","modified_gmt":"2019-02-23T20:26:29","slug":"blasvader","status":"publish","type":"post","link":"https:\/\/ratze.se\/index.php\/2010\/04\/16\/blasvader\/","title":{"rendered":"Bl\u00e5sv\u00e4der"},"content":{"rendered":"\n<p>Imorse b\u00f6rjade jag och Rekko dagen med en ordentlig l\u00f6prunda. Vi \nskymtade en \u00e4lg och s\u00e5g ett par r\u00e5djur, tur Pekken var i sn\u00f6re, \nv\u00e4\u00e4\u00e4ldigt intresserad av o f\u00f6lja med dom ist\u00e4llet&#8230; Tillbringade resten\n av f\u00f6rmiddan utomhus med hundarna. Rekko och jag e lite oense om hur \nvida man ska gr\u00e4va ner tennisbollarna i gr\u00e4smattan eller inte hmm.. Alla\n njuter lika mycket av att vara utomhus iaf <\/p>\n\n\n\n<p>Salsa har b\u00f6rjat \u00e4ta lite sm\u00e5tt igen, blandar i lite annat torrfoder \ns\u00e5 g\u00e5r det ner. Har gjort n\u00e5gra riktnings\u00f6vningar med Rekko inf\u00f6r \nuppletandet. B\u00f6rjade ute p\u00e5 gr\u00e4smattan och flyttade sen ut i skogen. \nGick bra men han blir fort tr\u00f6tt i huvudet s\u00e5 det g\u00e4ller att sluta i \ntid.<\/p>\n\n\n\n<p>Anna och malletjejerna var h\u00e4r och \u00e5t lunch och sen tog vi en \nl\u00e5ngpromenad. Salsa g\u00e5r i sin egen v\u00e4rld och g\u00f6r inte m\u00e5nga knop mer \u00e4n \nn\u00f6dv\u00e4ndigt haha. Ultraljud \u00e4r inbokat till n\u00e4sta fredag, ska bli sk\u00f6nt o\n veta ifall hon \u00e4r dr\u00e4ktig, s\u00e5 man vet om man kan sparka ig\u00e5ng tr\u00e4ningen\n p\u00e5 riktigt, framf\u00f6rallt s\u00f6ktr\u00e4ningen med fokus p\u00e5 uth\u00e5lligheten. Men \nv\u00e4ntar som sagt tills vi f\u00e5tt svar.<\/p>\n\n\n\n<p>I helgen blir det s\u00e5klart hundtr\u00e4ning men ocks\u00e5 lite fixande h\u00e4r \nhemma och ska f\u00f6rs\u00f6ka hinna \u00e5ka iv\u00e4g och titta p\u00e5 lite IPO t\u00e4vlingar om \ndet hinns med. Hade varit bra att se hur det g\u00e5r till i verkligheten s\u00e5 \nman vet.. S\u00e5 mycket att g\u00f6ra o s\u00e5 lite tid <\/p>\n\n\n\n<p>Trevlig helg!<\/p>\n\n\n\n[ngg src=&#8221;galleries&#8221; ids=&#8221;7&#8243; display=&#8221;basic_thumbnail&#8221; show_slideshow_link=&#8221;0&#8243;]\n","protected":false},"excerpt":{"rendered":"<p>Imorse b\u00f6rjade jag och Rekko dagen med en ordentlig l\u00f6prunda. Vi skymtade en \u00e4lg och s\u00e5g ett par r\u00e5djur, tur Pekken var i sn\u00f6re, v\u00e4\u00e4\u00e4ldigt intresserad av o f\u00f6lja med dom ist\u00e4llet&#8230; Tillbringade resten av f\u00f6rmiddan utomhus med hundarna. Rekko och jag e lite oense om hur vida man ska gr\u00e4va ner tennisbollarna i gr\u00e4smattan &hellip; <\/p>\n<p class=\"link-more\"><a href=\"https:\/\/ratze.se\/index.php\/2010\/04\/16\/blasvader\/\" class=\"more-link\">Forts\u00e4tt l\u00e4sa<span class=\"screen-reader-text\"> \u201dBl\u00e5sv\u00e4der\u201d<\/span><\/a><\/p>\n","protected":false},"author":2,"featured_media":0,"comment_status":"open","ping_status":"open","sticky":false,"template":"","format":"standard","meta":{"footnotes":""},"categories":[1],"tags":[57,5,58,26,10,59],"_links":{"self":[{"href":"https:\/\/ratze.se\/index.php\/wp-json\/wp\/v2\/posts\/171"}],"collection":[{"href":"https:\/\/ratze.se\/index.php\/wp-json\/wp\/v2\/posts"}],"about":[{"href":"https:\/\/ratze.se\/index.php\/wp-json\/wp\/v2\/types\/post"}],"author":[{"embeddable":true,"href":"https:\/\/ratze.se\/index.php\/wp-json\/wp\/v2\/users\/2"}],"replies":[{"embeddable":true,"href":"https:\/\/ratze.se\/index.php\/wp-json\/wp\/v2\/comments?post=171"}],"version-history":[{"count":2,"href":"https:\/\/ratze.se\/index.php\/wp-json\/wp\/v2\/posts\/171\/revisions"}],"predecessor-version":[{"id":180,"href":"https:\/\/ratze.se\/index.php\/wp-json\/wp\/v2\/posts\/171\/revisions\/180"}],"wp:attachment":[{"href":"https:\/\/ratze.se\/index.php\/wp-json\/wp\/v2\/media?parent=171"}],"wp:term":[{"taxonomy":"category","embeddable":true,"href":"https:\/\/ratze.se\/index.php\/wp-json\/wp\/v2\/categories?post=171"},{"taxonomy":"post_tag","embeddable":true,"href":"https:\/\/ratze.se\/index.php\/wp-json\/wp\/v2\/tags?post=171"}],"curies":[{"name":"wp","href":"https:\/\/api.w.org\/{rel}","templated":true}]}}