{"id":203,"date":"2010-05-07T19:54:13","date_gmt":"2010-05-07T17:54:13","guid":{"rendered":"http:\/\/ratze.nilart.se\/?p=203"},"modified":"2019-02-23T22:27:18","modified_gmt":"2019-02-23T21:27:18","slug":"trasig-urvattnad-och-ensam","status":"publish","type":"post","link":"https:\/\/ratze.se\/index.php\/2010\/05\/07\/trasig-urvattnad-och-ensam\/","title":{"rendered":"Trasig, urvattnad och ensam&#8230;"},"content":{"rendered":"\n<p>S\u00e5 kom dagen D&#8230; Idag har jag varit ner till Sk\u00e5ne och l\u00e4mnat Salsa \ntill kennelf\u00f6r\u00e4ldrarna. Hon kommer ha det j\u00e4ttebra d\u00e4r men hu vad sv\u00e5rt \ndettta kommer bli. Grinade hela v\u00e4gen hem och mer l\u00e4r det bli men nu har\n jag inga t\u00e5rar kvar, bara en stor tomhet, som att tappa sitt ben, n\u00e5got\n fattas f\u00f6r att man ska vara hel&#8230; Gud jag \u00e4lskar min finaste Salsa.<\/p>\n\n\n\n<p>Imorgon \u00e5ker jag &amp; Rekko till Enk\u00f6ping och br\u00f6llop och hem p\u00e5 \ns\u00f6ndag skulle jag tro. \u00c4r lite ego och hoppas Pekk f\u00f6ljer med mig hem s\u00e5\n jag slipper va sj\u00e4lv&#8230; <\/p>\n\n\n\n<p>Hoppas det kan sluta bl\u00e5sa n\u00e5n g\u00e5ng, vinterjackan har \u00e5kt fram igen, \nvore sk\u00f6nt med en varm helg n\u00e4r man ska ha kl\u00e4nning p\u00e5 sig. Antar att \nman inte kan ha underst\u00e4ll till den.\n Nu ska jag va en h\u00e4ndig kvinna och fixa med olja, spolarv\u00e4tska och \ntorkarblad till bilen och sen kanske gr\u00e5ta en skv\u00e4tt till. Jobbigt o va \nmej ibland&#8230;<\/p>\n\n\n\n<p>Trevlig helg!<\/p>\n","protected":false},"excerpt":{"rendered":"<p>S\u00e5 kom dagen D&#8230; Idag har jag varit ner till Sk\u00e5ne och l\u00e4mnat Salsa till kennelf\u00f6r\u00e4ldrarna. Hon kommer ha det j\u00e4ttebra d\u00e4r men hu vad sv\u00e5rt dettta kommer bli. Grinade hela v\u00e4gen hem och mer l\u00e4r det bli men nu har jag inga t\u00e5rar kvar, bara en stor tomhet, som att tappa sitt ben, n\u00e5got &hellip; <\/p>\n<p class=\"link-more\"><a href=\"https:\/\/ratze.se\/index.php\/2010\/05\/07\/trasig-urvattnad-och-ensam\/\" class=\"more-link\">Forts\u00e4tt l\u00e4sa<span class=\"screen-reader-text\"> \u201dTrasig, urvattnad och ensam&#8230;\u201d<\/span><\/a><\/p>\n","protected":false},"author":2,"featured_media":0,"comment_status":"open","ping_status":"open","sticky":false,"template":"","format":"standard","meta":{"footnotes":""},"categories":[1],"tags":[77,76,26,10],"_links":{"self":[{"href":"https:\/\/ratze.se\/index.php\/wp-json\/wp\/v2\/posts\/203"}],"collection":[{"href":"https:\/\/ratze.se\/index.php\/wp-json\/wp\/v2\/posts"}],"about":[{"href":"https:\/\/ratze.se\/index.php\/wp-json\/wp\/v2\/types\/post"}],"author":[{"embeddable":true,"href":"https:\/\/ratze.se\/index.php\/wp-json\/wp\/v2\/users\/2"}],"replies":[{"embeddable":true,"href":"https:\/\/ratze.se\/index.php\/wp-json\/wp\/v2\/comments?post=203"}],"version-history":[{"count":1,"href":"https:\/\/ratze.se\/index.php\/wp-json\/wp\/v2\/posts\/203\/revisions"}],"predecessor-version":[{"id":204,"href":"https:\/\/ratze.se\/index.php\/wp-json\/wp\/v2\/posts\/203\/revisions\/204"}],"wp:attachment":[{"href":"https:\/\/ratze.se\/index.php\/wp-json\/wp\/v2\/media?parent=203"}],"wp:term":[{"taxonomy":"category","embeddable":true,"href":"https:\/\/ratze.se\/index.php\/wp-json\/wp\/v2\/categories?post=203"},{"taxonomy":"post_tag","embeddable":true,"href":"https:\/\/ratze.se\/index.php\/wp-json\/wp\/v2\/tags?post=203"}],"curies":[{"name":"wp","href":"https:\/\/api.w.org\/{rel}","templated":true}]}}