{"id":227,"date":"2010-05-19T19:51:12","date_gmt":"2010-05-19T17:51:12","guid":{"rendered":"http:\/\/ratze.nilart.se\/?p=227"},"modified":"2019-02-23T23:09:24","modified_gmt":"2019-02-23T22:09:24","slug":"fear-of-the-dark","status":"publish","type":"post","link":"https:\/\/ratze.se\/index.php\/2010\/05\/19\/fear-of-the-dark\/","title":{"rendered":"Fear of the dark&#8230;"},"content":{"rendered":"\n<p>H\u00e5ller p\u00e5 att packa bilen som b\u00e4st. Vill vara beredd o kunna \u00e5ka \ndirekt n\u00e4r Salsa s\u00e4tter ig\u00e5ng, det e s\u00e5 himla nerv\u00f6st o bara g\u00e5 o v\u00e4nta,\n usch o fy&#8230; <\/p>\n\n\n\n<p>Ig\u00e5r kom Frida &amp; Jonas f\u00f6rbi och l\u00e4mnade av Ztoyan som ska bo med\n oss \u00f6ver helgen medan de \u00e4r nere och t\u00e4vlar Belgar-VM. H\u00e4rligare o \nl\u00e4ttsammare hund f\u00e5r man nog leta efter, ett n\u00f6je att ha henne \u00e4r det! <\/p>\n\n\n\n<p>Imorse f\u00f6ljde Ztoyan med och sprang 6 km vilket var uppskattat! Ska \nforts\u00e4tta o packa o fixa och sota pannan m\u00e5ste g\u00f6ras ox\u00e5. N\u00e4sta g\u00e5ng jag\n bloggar s\u00e5 \u00e4r det f\u00f6rhoppningsvis i egenskap av stolt mormor haha!<\/p>\n\n\n\n<p>Kolla in <a href=\"http:\/\/www.ironmaiden.com\" target=\"_blank\" rel=\"noreferrer noopener\">www.ironmaiden.com<\/a> d\u00e4r ett klipp med en av v\u00e4rldens b\u00e4sta l\u00e5tar ligger uppe &#8221;Fear of the dark&#8221;, jisses vilken egotripp det m\u00e5ste va!?  <\/p>\n\n\n\n<p>Avslutar med lite kloka ord och en fin bild p\u00e5 Pekk&#8230;<\/p>\n\n\n\n<p><em>&#8221;Allt man beh\u00f6ver h\u00e4r i livet \u00e4r okunskap &amp; sj\u00e4lvf\u00f6rtroende, sedan \u00e4r framg\u00e5ngen given.&#8221; &#8211; Mark Twain<\/em><\/p>\n\n\n\n<div class=\"wp-block-image\"><figure class=\"aligncenter\"><img loading=\"lazy\" decoding=\"async\" width=\"300\" height=\"400\" src=\"http:\/\/ratze.nilart.se\/wp-content\/uploads\/2019\/02\/1274291449.jpg\" alt=\"\" class=\"wp-image-228\" srcset=\"https:\/\/ratze.se\/wp-content\/uploads\/2019\/02\/1274291449.jpg 300w, https:\/\/ratze.se\/wp-content\/uploads\/2019\/02\/1274291449-225x300.jpg 225w\" sizes=\"(max-width: 300px) 100vw, 300px\" \/><\/figure><\/div>\n","protected":false},"excerpt":{"rendered":"<p>H\u00e5ller p\u00e5 att packa bilen som b\u00e4st. Vill vara beredd o kunna \u00e5ka direkt n\u00e4r Salsa s\u00e4tter ig\u00e5ng, det e s\u00e5 himla nerv\u00f6st o bara g\u00e5 o v\u00e4nta, usch o fy&#8230; Ig\u00e5r kom Frida &amp; Jonas f\u00f6rbi och l\u00e4mnade av Ztoyan som ska bo med oss \u00f6ver helgen medan de \u00e4r nere och t\u00e4vlar Belgar-VM. &hellip; <\/p>\n<p class=\"link-more\"><a href=\"https:\/\/ratze.se\/index.php\/2010\/05\/19\/fear-of-the-dark\/\" class=\"more-link\">Forts\u00e4tt l\u00e4sa<span class=\"screen-reader-text\"> \u201dFear of the dark&#8230;\u201d<\/span><\/a><\/p>\n","protected":false},"author":2,"featured_media":0,"comment_status":"open","ping_status":"open","sticky":false,"template":"","format":"standard","meta":{"footnotes":""},"categories":[1],"tags":[87,10,88,86],"_links":{"self":[{"href":"https:\/\/ratze.se\/index.php\/wp-json\/wp\/v2\/posts\/227"}],"collection":[{"href":"https:\/\/ratze.se\/index.php\/wp-json\/wp\/v2\/posts"}],"about":[{"href":"https:\/\/ratze.se\/index.php\/wp-json\/wp\/v2\/types\/post"}],"author":[{"embeddable":true,"href":"https:\/\/ratze.se\/index.php\/wp-json\/wp\/v2\/users\/2"}],"replies":[{"embeddable":true,"href":"https:\/\/ratze.se\/index.php\/wp-json\/wp\/v2\/comments?post=227"}],"version-history":[{"count":1,"href":"https:\/\/ratze.se\/index.php\/wp-json\/wp\/v2\/posts\/227\/revisions"}],"predecessor-version":[{"id":229,"href":"https:\/\/ratze.se\/index.php\/wp-json\/wp\/v2\/posts\/227\/revisions\/229"}],"wp:attachment":[{"href":"https:\/\/ratze.se\/index.php\/wp-json\/wp\/v2\/media?parent=227"}],"wp:term":[{"taxonomy":"category","embeddable":true,"href":"https:\/\/ratze.se\/index.php\/wp-json\/wp\/v2\/categories?post=227"},{"taxonomy":"post_tag","embeddable":true,"href":"https:\/\/ratze.se\/index.php\/wp-json\/wp\/v2\/tags?post=227"}],"curies":[{"name":"wp","href":"https:\/\/api.w.org\/{rel}","templated":true}]}}