{"id":232,"date":"2010-05-26T22:44:29","date_gmt":"2010-05-26T20:44:29","guid":{"rendered":"http:\/\/ratze.nilart.se\/?p=232"},"modified":"2019-02-23T23:18:52","modified_gmt":"2019-02-23T22:18:52","slug":"ti-amo","status":"publish","type":"post","link":"https:\/\/ratze.se\/index.php\/2010\/05\/26\/ti-amo\/","title":{"rendered":"Ti amo"},"content":{"rendered":"\n<p>Salsa och valparna m\u00e5r enligt rapport och bildbevis bara bra .\n Jag b\u00f6rjar f\u00e5 viss tr\u00e4ningsabstinens dock. Det ska bli s\u00e5 h\u00e4rligt att \nf\u00e5 komma ig\u00e5ng med tr\u00e4ningen igen n\u00e4r Salsa \u00e5ter \u00e4r hemma och visst har \njag en massa planer och m\u00e5l f\u00f6r v\u00e5r gemensamma karri\u00e4r men framf\u00f6rallt \nsaknar jag Salsas n\u00e4rvaro och v\u00e4sen. Tr\u00e4ning och t\u00e4vling \u00e4r ju bara en \nextrakrydda som ger en extra guldkant p\u00e5 tillvaron men i slut\u00e4ndan \u00e4r \ndet min underbart fina lilla goa hund som \u00e4r allt jag \u00f6nskar mig som jag\n saknar mest av allt. <\/p>\n\n\n\n<p>P\u00e5 fredag f\u00e5r jag dock tr\u00e4ffa mitt hj\u00e4rta och &#8221;mina barnbarn&#8221; igen och det ser jag s\u00e5\u00e5\u00e5 fram emot!<\/p>\n\n\n\n<figure class=\"wp-block-image\"><img loading=\"lazy\" decoding=\"async\" width=\"400\" height=\"230\" src=\"http:\/\/ratze.nilart.se\/wp-content\/uploads\/2019\/02\/1274906171.jpg\" alt=\"\" class=\"wp-image-233\" srcset=\"https:\/\/ratze.se\/wp-content\/uploads\/2019\/02\/1274906171.jpg 400w, https:\/\/ratze.se\/wp-content\/uploads\/2019\/02\/1274906171-300x173.jpg 300w\" sizes=\"(max-width: 400px) 100vw, 400px\" \/><\/figure>\n\n\n\n<figure class=\"wp-block-image\"><img loading=\"lazy\" decoding=\"async\" width=\"400\" height=\"241\" src=\"http:\/\/ratze.nilart.se\/wp-content\/uploads\/2019\/02\/1274906540.jpg\" alt=\"\" class=\"wp-image-234\" srcset=\"https:\/\/ratze.se\/wp-content\/uploads\/2019\/02\/1274906540.jpg 400w, https:\/\/ratze.se\/wp-content\/uploads\/2019\/02\/1274906540-300x181.jpg 300w\" sizes=\"(max-width: 400px) 100vw, 400px\" \/><\/figure>\n","protected":false},"excerpt":{"rendered":"<p>Salsa och valparna m\u00e5r enligt rapport och bildbevis bara bra . Jag b\u00f6rjar f\u00e5 viss tr\u00e4ningsabstinens dock. Det ska bli s\u00e5 h\u00e4rligt att f\u00e5 komma ig\u00e5ng med tr\u00e4ningen igen n\u00e4r Salsa \u00e5ter \u00e4r hemma och visst har jag en massa planer och m\u00e5l f\u00f6r v\u00e5r gemensamma karri\u00e4r men framf\u00f6rallt saknar jag Salsas n\u00e4rvaro och v\u00e4sen. &hellip; <\/p>\n<p class=\"link-more\"><a href=\"https:\/\/ratze.se\/index.php\/2010\/05\/26\/ti-amo\/\" class=\"more-link\">Forts\u00e4tt l\u00e4sa<span class=\"screen-reader-text\"> \u201dTi amo\u201d<\/span><\/a><\/p>\n","protected":false},"author":2,"featured_media":0,"comment_status":"open","ping_status":"open","sticky":false,"template":"","format":"standard","meta":{"footnotes":""},"categories":[1],"tags":[95,10,94],"_links":{"self":[{"href":"https:\/\/ratze.se\/index.php\/wp-json\/wp\/v2\/posts\/232"}],"collection":[{"href":"https:\/\/ratze.se\/index.php\/wp-json\/wp\/v2\/posts"}],"about":[{"href":"https:\/\/ratze.se\/index.php\/wp-json\/wp\/v2\/types\/post"}],"author":[{"embeddable":true,"href":"https:\/\/ratze.se\/index.php\/wp-json\/wp\/v2\/users\/2"}],"replies":[{"embeddable":true,"href":"https:\/\/ratze.se\/index.php\/wp-json\/wp\/v2\/comments?post=232"}],"version-history":[{"count":1,"href":"https:\/\/ratze.se\/index.php\/wp-json\/wp\/v2\/posts\/232\/revisions"}],"predecessor-version":[{"id":235,"href":"https:\/\/ratze.se\/index.php\/wp-json\/wp\/v2\/posts\/232\/revisions\/235"}],"wp:attachment":[{"href":"https:\/\/ratze.se\/index.php\/wp-json\/wp\/v2\/media?parent=232"}],"wp:term":[{"taxonomy":"category","embeddable":true,"href":"https:\/\/ratze.se\/index.php\/wp-json\/wp\/v2\/categories?post=232"},{"taxonomy":"post_tag","embeddable":true,"href":"https:\/\/ratze.se\/index.php\/wp-json\/wp\/v2\/tags?post=232"}],"curies":[{"name":"wp","href":"https:\/\/api.w.org\/{rel}","templated":true}]}}