{"id":446,"date":"2011-04-22T21:37:05","date_gmt":"2011-04-22T19:37:05","guid":{"rendered":"http:\/\/ratze.nilart.se\/?p=446"},"modified":"2019-02-24T13:07:53","modified_gmt":"2019-02-24T12:07:53","slug":"varfin","status":"publish","type":"post","link":"https:\/\/ratze.se\/index.php\/2011\/04\/22\/varfin\/","title":{"rendered":"V\u00e5rfin"},"content":{"rendered":"\n<p>Njuter av sol o v\u00e4rme efter en l\u00e5\u00e5\u00e5ng vinter. Som vanligt \u00e4r det \nsv\u00e5rt att kl\u00e4 sig r\u00e4tt, antingen e det f\u00f6r varmt eller tv\u00e4rtom. Hundarna\n fl\u00e5sar mer \u00e4n vanligt, speciellt lilleman, skyller det p\u00e5 hans danska \ngener..\n Tr\u00e4ningen \u00e4r i full g\u00e5ng och Salsa och jag ska snart dags ut p\u00e5 \n\u00e5rsdebut, ska bli roligt! Frazze tog sin f\u00f6rsta 90-graders vinkel ig\u00e5r \nklockrent, han har hittills bara f\u00e5tt slangsp\u00e5r, lugnt och fint helt i \nsp\u00e5rk\u00e4rnan.  <\/p>\n\n\n\n<p>Idag blev det bad, bort med alla vinterbasilusker och \u00f6verfl\u00f6digt h\u00e5r och redo att m\u00f6ta v\u00e5ren p\u00e5 riktigt!<\/p>\n\n\n\n<p>Ha en riktigt sk\u00f6n p\u00e5sk alla v\u00e4nner!<\/p>\n\n\n\n<div class=\"wp-block-image\"><figure class=\"aligncenter\"><img loading=\"lazy\" decoding=\"async\" width=\"400\" height=\"285\" src=\"http:\/\/ratze.nilart.se\/wp-content\/uploads\/2019\/02\/1303500621.jpg\" alt=\"\" class=\"wp-image-447\" srcset=\"https:\/\/ratze.se\/wp-content\/uploads\/2019\/02\/1303500621.jpg 400w, https:\/\/ratze.se\/wp-content\/uploads\/2019\/02\/1303500621-300x214.jpg 300w\" sizes=\"(max-width: 400px) 100vw, 400px\" \/><figcaption> <strong><em>Frazzemannen<\/em><\/strong> <\/figcaption><\/figure><\/div>\n\n\n\n<div class=\"wp-block-image\"><figure class=\"aligncenter\"><img loading=\"lazy\" decoding=\"async\" width=\"342\" height=\"400\" src=\"http:\/\/ratze.nilart.se\/wp-content\/uploads\/2019\/02\/1303500982.jpg\" alt=\"\" class=\"wp-image-448\" srcset=\"https:\/\/ratze.se\/wp-content\/uploads\/2019\/02\/1303500982.jpg 342w, https:\/\/ratze.se\/wp-content\/uploads\/2019\/02\/1303500982-257x300.jpg 257w\" sizes=\"(max-width: 342px) 100vw, 342px\" \/><figcaption> <strong><em>Vackraste Salsan<\/em><\/strong> <\/figcaption><\/figure><\/div>\n","protected":false},"excerpt":{"rendered":"<p>Njuter av sol o v\u00e4rme efter en l\u00e5\u00e5\u00e5ng vinter. Som vanligt \u00e4r det sv\u00e5rt att kl\u00e4 sig r\u00e4tt, antingen e det f\u00f6r varmt eller tv\u00e4rtom. Hundarna fl\u00e5sar mer \u00e4n vanligt, speciellt lilleman, skyller det p\u00e5 hans danska gener.. Tr\u00e4ningen \u00e4r i full g\u00e5ng och Salsa och jag ska snart dags ut p\u00e5 \u00e5rsdebut, ska bli &hellip; <\/p>\n<p class=\"link-more\"><a href=\"https:\/\/ratze.se\/index.php\/2011\/04\/22\/varfin\/\" class=\"more-link\">Forts\u00e4tt l\u00e4sa<span class=\"screen-reader-text\"> \u201dV\u00e5rfin\u201d<\/span><\/a><\/p>\n","protected":false},"author":2,"featured_media":0,"comment_status":"open","ping_status":"open","sticky":false,"template":"","format":"standard","meta":{"footnotes":""},"categories":[1],"tags":[137,29,10,53],"_links":{"self":[{"href":"https:\/\/ratze.se\/index.php\/wp-json\/wp\/v2\/posts\/446"}],"collection":[{"href":"https:\/\/ratze.se\/index.php\/wp-json\/wp\/v2\/posts"}],"about":[{"href":"https:\/\/ratze.se\/index.php\/wp-json\/wp\/v2\/types\/post"}],"author":[{"embeddable":true,"href":"https:\/\/ratze.se\/index.php\/wp-json\/wp\/v2\/users\/2"}],"replies":[{"embeddable":true,"href":"https:\/\/ratze.se\/index.php\/wp-json\/wp\/v2\/comments?post=446"}],"version-history":[{"count":1,"href":"https:\/\/ratze.se\/index.php\/wp-json\/wp\/v2\/posts\/446\/revisions"}],"predecessor-version":[{"id":449,"href":"https:\/\/ratze.se\/index.php\/wp-json\/wp\/v2\/posts\/446\/revisions\/449"}],"wp:attachment":[{"href":"https:\/\/ratze.se\/index.php\/wp-json\/wp\/v2\/media?parent=446"}],"wp:term":[{"taxonomy":"category","embeddable":true,"href":"https:\/\/ratze.se\/index.php\/wp-json\/wp\/v2\/categories?post=446"},{"taxonomy":"post_tag","embeddable":true,"href":"https:\/\/ratze.se\/index.php\/wp-json\/wp\/v2\/tags?post=446"}],"curies":[{"name":"wp","href":"https:\/\/api.w.org\/{rel}","templated":true}]}}